{"id":15302,"date":"2025-10-20T14:20:09","date_gmt":"2025-10-20T12:20:09","guid":{"rendered":"https:\/\/caa.rks-gov.net\/?p=15302"},"modified":"2025-10-22T15:58:31","modified_gmt":"2025-10-22T13:58:31","slug":"u-mbajt-takimi-i-4-te-i-komitetit-te-perbashket-te-marreveshjes-hpea","status":"publish","type":"post","link":"https:\/\/caa.rks-gov.net\/en\/u-mbajt-takimi-i-4-te-i-komitetit-te-perbashket-te-marreveshjes-hpea\/","title":{"rendered":"U mbajt takimi i 4 t\u00eb i Komitetit t\u00eb P\u00ebrbashk\u00ebt t\u00eb Marr\u00ebveshjes HPEA"},"content":{"rendered":"\t\t<div data-elementor-type=\"wp-post\" data-elementor-id=\"15302\" class=\"elementor elementor-15302\">\n\t\t\t\t\t\t\t\t\t<section class=\"elementor-section elementor-top-section elementor-element elementor-element-4c7543 elementor-section-boxed elementor-section-height-default elementor-section-height-default\" data-id=\"4c7543\" data-element_type=\"section\">\n\t\t\t\t\t\t<div class=\"elementor-container elementor-column-gap-default\">\n\t\t\t\t\t<div class=\"elementor-column elementor-col-100 elementor-top-column elementor-element elementor-element-37e81df9\" data-id=\"37e81df9\" data-element_type=\"column\">\n\t\t\t<div class=\"elementor-widget-wrap elementor-element-populated\">\n\t\t\t\t\t\t\t\t<div class=\"elementor-element elementor-element-39b554f9 elementor-widget elementor-widget-text-editor\" data-id=\"39b554f9\" data-element_type=\"widget\" data-widget_type=\"text-editor.default\">\n\t\t\t\t<div class=\"elementor-widget-container\">\n\t\t\t\t\t\t\t<!-- wp:paragraph -->\n<p>M\u00eb 15 tetor 2025 n\u00eb Shkup u mbajt takimi i kat\u00ebrt i Komitetit t\u00eb P\u00ebrbashk\u00ebt t\u00eb Marr\u00ebveshjes p\u00ebr Hap\u00ebsir\u00ebn e P\u00ebrbashk\u00ebt Evropiane t\u00eb Aviacionit (Marr\u00ebveshja HPEA).<\/p>\n<!-- \/wp:paragraph --><!-- wp:paragraph -->\n<p>N\u00eb takim mor\u00ebn pjes\u00eb pal\u00ebt n\u00ebnshkruese t\u00eb k\u00ebsaj marr\u00ebveshjeje: Komisioni Evropian p\u00ebrfshi EASA-n, p\u00ebrfaq\u00ebsues nga shtete an\u00ebtare t\u00eb BE-s\u00eb dhe t\u00eb shteteve t\u00eb Ballkanit Per\u00ebndimor. Republika e Kosov\u00ebs u p\u00ebrfaq\u00ebsua nga p\u00ebrfaq\u00ebsues t\u00eb autoriteteve aeronautike t\u00eb udh\u00ebhequr nga UD DP i AAC-s\u00eb, Arianit Islami.<\/p>\n<!-- \/wp:paragraph --><!-- wp:paragraph -->\n<p>Komisioni Evropian ka prezantuar trendin e vazhduesh\u00ebm t\u00eb rritjes s\u00eb trafikut midis BE dhe vendeve t\u00eb Ballkanit Per\u00ebndimor si dhe ka shp\u00ebrndar\u00eb p\u00ebr komente draft Shtojc\u00ebn I t\u00eb Marr\u00ebveshjes HPEA e cila liston k\u00ebrkesat e reja legjislative p\u00ebr adoptim nga pal\u00ebt e asociuara. 20,2 milion udh\u00ebtar\u00eb kan\u00eb qarkulluar midis BE dhe Ballkanit Per\u00ebndimor gjat\u00eb vitit 2024 q\u00eb \u00ebsht\u00eb 18% m\u00eb shum\u00eb se gjat\u00eb vitit 2023 kur ishin sh\u00ebnuar 17 milion udh\u00ebtar\u00eb n\u00eb k\u00ebt\u00eb treg. Kosova renditet e treta si kontribuese me m\u00eb s\u00eb shumti rritje n\u00eb krahasim me vitin e kaluar pas Shqip\u00ebris\u00eb q\u00eb renditet e para dhe Serbis\u00eb.<\/p>\n<!-- \/wp:paragraph --><!-- wp:paragraph -->\n<p>Gjat\u00eb fjalimit t\u00eb tij, z. Islami ka theksuar trajtimin jo t\u00eb barabart\u00eb t\u00eb Kosov\u00ebs n\u00eb krahasim me pal\u00ebt e tjera sa i p\u00ebrket t\u00eb drejtave q\u00eb rrjedhin nga Marr\u00ebveshja dhe ka k\u00ebrkuar q\u00eb Komisioni Evropian t\u00eb angazhohet q\u00eb autoritetet aeronautike t\u00eb Kosov\u00ebs t\u00eb p\u00ebrfshihen sa m\u00eb par\u00eb n\u00eb forumet relevante n\u00eb EASA (Agjencia Evropiane e Siguris\u00eb Ajrore), EUROCONTROL (Organizata nd\u00ebrkomb\u00ebtare p\u00ebr sigurin\u00eb e navigacionit ajror), RASARAC (Komiteti K\u00ebshillues Rajonal p\u00ebr K\u00ebrkim Shp\u00ebtim) etj.\u00a0 p\u00ebr t\u00eb siguruar nj\u00eb hap\u00ebsir\u00eb ajrore t\u00eb p\u00ebrbashk\u00ebt evropiane t\u00eb sigurt\u00eb e efikase.<\/p>\n<!-- \/wp:paragraph --><!-- wp:paragraph -->\n<p>M\u00eb 16 tetor 2025 \u00ebsht\u00eb mbajtur takimi bilateral midis KE-s\u00eb dhe delegacionit t\u00eb Republik\u00ebs s\u00eb Kosov\u00ebs me \u00e7 \u2018rast znj. Besnike Ukmata, Pik\u00eb fokale e KE p\u00ebr RKS, ka prezantuar n\u00eb m\u00ebnyr\u00eb gjith\u00ebp\u00ebrfshir\u00ebse zhvillimet n\u00eb sektorin e aviacionit civil n\u00eb Kosov\u00eb midis dy takimeve t\u00eb Komitetit t\u00eb p\u00ebrbashk\u00ebt, nivelin e zbatimit t\u00eb Marr\u00ebveshjes HPEA si dhe sfidat me t\u00eb cilat ballafaqohet vendi yn\u00eb n\u00eb fush\u00ebn e aviacionit civil. Znj. Ukmata tregoi se p\u00ebrderisa n\u00eb Kosov\u00eb n\u00eb m\u00ebnyr\u00eb progresive po zbatohet legjislacioni q\u00eb \u00ebsht\u00eb obligim nga Faza II e Marr\u00ebveshjes, dy \u00e7\u00ebshtje t\u00eb identifikuara nga KE p\u00ebr t\u00eb p\u00ebrmbyllur Faz\u00ebn e par\u00eb jan\u00eb ende t\u00eb hapura, p\u00ebrmir\u00ebsimi i t\u00eb cilave \u00ebsht\u00eb p\u00ebrfshir\u00eb n\u00eb dy ligje, t\u00eb pun\u00ebs dhe atij t\u00eb aviacionit civil, t\u00eb dyja n\u00eb plot\u00ebsim ndryshim e sip\u00ebr.<\/p>\n<!-- \/wp:paragraph --><!-- wp:paragraph -->\n<p>Z. Gzim Ocakoglu i KE\/Drejtoria p\u00ebr Marr\u00ebveshjet e aviacionit, i cili ka udh\u00ebhequr takimin plenar dhe bilateral ka njoftuar delegacionin kosovar se KE ka k\u00ebrkuar nga EASA q\u00eb t\u00eb filloj\u00eb procedurat p\u00ebr lidhjen e Aranzhimeve t\u00eb Pun\u00ebs me AAC-n\u00eb e Kosov\u00ebs, si\u00e7 i ka me shtetet tjera HPEA. P\u00ebrfaq\u00ebsuesja e EASA, prezente n\u00eb takim tregoi se n\u00eb baz\u00eb t\u00eb procedurave n\u00eb EASA, vitin tjet\u00ebr pritet n\u00ebnshkrimi i k\u00ebsaj Marr\u00ebveshjeje. \u00cbsht\u00eb premtuar edhe angazhimi rreth \u00e7\u00ebshtjes s\u00eb EUROCONTROL duke e vler\u00ebsuar si \u00e7\u00ebshtje sigurie nevoj\u00ebn q\u00eb Ofruesi i sh\u00ebrbimeve t\u00eb navigacionit ajror t\u00eb RKS t\u00eb ket\u00eb relacione direkte operacionale-teknike me k\u00ebt\u00eb organizat\u00eb respektivisht me Menaxherin e Rrjetit brenda saj.<\/p>\n<!-- \/wp:paragraph --><!-- wp:paragraph -->\n<p>Asnj\u00eb nga shtetet e Ballkanit Per\u00ebndimor nuk ka arritur t\u00eb kaloj\u00eb n\u00eb Faz\u00ebn II t\u00eb Marr\u00ebveshjes kryesisht p\u00ebr shkak t\u00eb k\u00ebrkesave legjislative jo-aeronautike q\u00eb jan\u00eb pjes\u00eb e Shtojc\u00ebs I p\u00ebr \u00e7 \u2018arsye edhe u dakordua q\u00eb Komisioni Evropian t\u00eb b\u00ebj nj\u00eb plan veprimi q\u00eb do t\u00eb p\u00ebrfshij k\u00ebrkesat q\u00eb duhet p\u00ebrmbushur p\u00ebr t\u00eb kaluar n\u00eb Faz\u00ebn II t\u00eb Marr\u00ebveshjes.<\/p>\n<!-- \/wp:paragraph --><!-- wp:paragraph -->\n<p>Takimi i ardhsh\u00ebm i Komitetit mbahet vitin e ardhsh\u00ebm n\u00eb Shqip\u00ebri.<\/p>\n<!-- \/wp:paragraph --><!-- wp:image {\"id\":15372,\"sizeSlug\":\"large\",\"linkDestination\":\"none\"} -->\n<figure class=\"wp-block-image size-large\"><img loading=\"lazy\" width=\"1280\" height=\"960\" class=\"wp-image-15372\" src=\"https:\/\/caa.rks-gov.net\/wp-content\/uploads\/2025\/10\/WhatsApp-Image-2025-10-20-at-13.37.10-1-3.jpeg\" alt=\"\" srcset=\"https:\/\/caa.rks-gov.net\/wp-content\/uploads\/2025\/10\/WhatsApp-Image-2025-10-20-at-13.37.10-1-3.jpeg 1280w, https:\/\/caa.rks-gov.net\/wp-content\/uploads\/2025\/10\/WhatsApp-Image-2025-10-20-at-13.37.10-1-3-300x225.jpeg 300w, https:\/\/caa.rks-gov.net\/wp-content\/uploads\/2025\/10\/WhatsApp-Image-2025-10-20-at-13.37.10-1-3-768x576.jpeg 768w\" sizes=\"(max-width: 1280px) 100vw, 1280px\" \/><\/figure>\n<!-- \/wp:image --><!-- wp:image {\"id\":15375,\"sizeSlug\":\"large\",\"linkDestination\":\"none\"} -->\n<figure class=\"wp-block-image size-large\"><img loading=\"lazy\" width=\"1280\" height=\"960\" class=\"wp-image-15375\" src=\"https:\/\/caa.rks-gov.net\/wp-content\/uploads\/2025\/10\/WhatsApp-Image-2025-10-20-at-13.37.10-4.jpeg\" alt=\"\" srcset=\"https:\/\/caa.rks-gov.net\/wp-content\/uploads\/2025\/10\/WhatsApp-Image-2025-10-20-at-13.37.10-4.jpeg 1280w, https:\/\/caa.rks-gov.net\/wp-content\/uploads\/2025\/10\/WhatsApp-Image-2025-10-20-at-13.37.10-4-300x225.jpeg 300w, https:\/\/caa.rks-gov.net\/wp-content\/uploads\/2025\/10\/WhatsApp-Image-2025-10-20-at-13.37.10-4-768x576.jpeg 768w\" sizes=\"(max-width: 1280px) 100vw, 1280px\" \/><\/figure>\n<!-- \/wp:image --><!-- wp:image {\"id\":15378,\"sizeSlug\":\"large\",\"linkDestination\":\"none\"} -->\n<figure class=\"wp-block-image size-large\"><img loading=\"lazy\" width=\"1280\" height=\"960\" class=\"wp-image-15378\" src=\"https:\/\/caa.rks-gov.net\/wp-content\/uploads\/2025\/10\/WhatsApp-Image-2025-10-20-at-13.37.56-3.jpeg\" alt=\"\" srcset=\"https:\/\/caa.rks-gov.net\/wp-content\/uploads\/2025\/10\/WhatsApp-Image-2025-10-20-at-13.37.56-3.jpeg 1280w, https:\/\/caa.rks-gov.net\/wp-content\/uploads\/2025\/10\/WhatsApp-Image-2025-10-20-at-13.37.56-3-300x225.jpeg 300w, https:\/\/caa.rks-gov.net\/wp-content\/uploads\/2025\/10\/WhatsApp-Image-2025-10-20-at-13.37.56-3-768x576.jpeg 768w\" sizes=\"(max-width: 1280px) 100vw, 1280px\" \/><\/figure>\n<!-- \/wp:image --><!-- wp:image {\"id\":15381,\"sizeSlug\":\"large\",\"linkDestination\":\"none\"} -->\n<figure class=\"wp-block-image size-large\"><img loading=\"lazy\" width=\"960\" height=\"1280\" class=\"wp-image-15381\" src=\"https:\/\/caa.rks-gov.net\/wp-content\/uploads\/2025\/10\/WhatsApp-Image-2025-10-20-at-13.39.29-3.jpeg\" alt=\"\" srcset=\"https:\/\/caa.rks-gov.net\/wp-content\/uploads\/2025\/10\/WhatsApp-Image-2025-10-20-at-13.39.29-3.jpeg 960w, https:\/\/caa.rks-gov.net\/wp-content\/uploads\/2025\/10\/WhatsApp-Image-2025-10-20-at-13.39.29-3-225x300.jpeg 225w, https:\/\/caa.rks-gov.net\/wp-content\/uploads\/2025\/10\/WhatsApp-Image-2025-10-20-at-13.39.29-3-768x1024.jpeg 768w\" sizes=\"(max-width: 960px) 100vw, 960px\" \/><\/figure>\n<!-- \/wp:image -->\t\t\t\t\t\t<\/div>\n\t\t\t\t<\/div>\n\t\t\t\t\t<\/div>\n\t\t<\/div>\n\t\t\t\t\t\t\t<\/div>\n\t\t<\/section>\n\t\t\t\t\t\t\t<\/div>\n\t\t","protected":false},"excerpt":{"rendered":"<p>M\u00eb 15 tetor 2025 n\u00eb Shkup u mbajt takimi i kat\u00ebrt i Komitetit t\u00eb P\u00ebrbashk\u00ebt t\u00eb Marr\u00ebveshjes p\u00ebr Hap\u00ebsir\u00ebn e&#8230;<\/p>\n","protected":false},"author":25,"featured_media":0,"comment_status":"closed","ping_status":"closed","sticky":false,"template":"","format":"standard","meta":[],"categories":[18],"tags":[],"_links":{"self":[{"href":"https:\/\/caa.rks-gov.net\/en\/wp-json\/wp\/v2\/posts\/15302"}],"collection":[{"href":"https:\/\/caa.rks-gov.net\/en\/wp-json\/wp\/v2\/posts"}],"about":[{"href":"https:\/\/caa.rks-gov.net\/en\/wp-json\/wp\/v2\/types\/post"}],"author":[{"embeddable":true,"href":"https:\/\/caa.rks-gov.net\/en\/wp-json\/wp\/v2\/users\/25"}],"replies":[{"embeddable":true,"href":"https:\/\/caa.rks-gov.net\/en\/wp-json\/wp\/v2\/comments?post=15302"}],"version-history":[{"count":15,"href":"https:\/\/caa.rks-gov.net\/en\/wp-json\/wp\/v2\/posts\/15302\/revisions"}],"predecessor-version":[{"id":15452,"href":"https:\/\/caa.rks-gov.net\/en\/wp-json\/wp\/v2\/posts\/15302\/revisions\/15452"}],"wp:attachment":[{"href":"https:\/\/caa.rks-gov.net\/en\/wp-json\/wp\/v2\/media?parent=15302"}],"wp:term":[{"taxonomy":"category","embeddable":true,"href":"https:\/\/caa.rks-gov.net\/en\/wp-json\/wp\/v2\/categories?post=15302"},{"taxonomy":"post_tag","embeddable":true,"href":"https:\/\/caa.rks-gov.net\/en\/wp-json\/wp\/v2\/tags?post=15302"}],"curies":[{"name":"wp","href":"https:\/\/api.w.org\/{rel}","templated":true}]}}